{"id":3097,"date":"2021-08-11T17:18:14","date_gmt":"2021-08-11T17:18:14","guid":{"rendered":"https:\/\/www.vespa-garage-berlin.de\/?p=3097"},"modified":"2021-08-11T17:30:07","modified_gmt":"2021-08-11T17:30:07","slug":"alberto-fioretti-auf-dem-weg-nach-daenemark","status":"publish","type":"post","link":"https:\/\/www.vespa-garage-berlin.de\/?p=3097","title":{"rendered":"Alberto auf dem Weg nach D\u00e4nemark&#8230;"},"content":{"rendered":"\t\t<div data-elementor-type=\"wp-post\" data-elementor-id=\"3097\" class=\"elementor elementor-3097\">\n\t\t\t\t\t\t\t\t\t<section class=\"elementor-section elementor-top-section elementor-element elementor-element-c8b2a13 elementor-section-boxed elementor-section-height-default elementor-section-height-default\" data-id=\"c8b2a13\" data-element_type=\"section\">\n\t\t\t\t\t\t<div class=\"elementor-container elementor-column-gap-default\">\n\t\t\t\t\t<div class=\"elementor-column elementor-col-50 elementor-top-column elementor-element elementor-element-bb4342f\" data-id=\"bb4342f\" data-element_type=\"column\">\n\t\t\t<div class=\"elementor-widget-wrap elementor-element-populated\">\n\t\t\t\t\t\t\t\t<div class=\"elementor-element elementor-element-91eed06 elementor-widget elementor-widget-image\" data-id=\"91eed06\" data-element_type=\"widget\" data-widget_type=\"image.default\">\n\t\t\t\t<div class=\"elementor-widget-container\">\n\t\t\t\t\t\t\t\t\t\t\t\t\t\t\t<img decoding=\"async\" loading=\"lazy\" width=\"768\" height=\"1024\" src=\"https:\/\/www.vespa-garage-berlin.de\/wp-content\/uploads\/2021\/07\/IMG_3241-768x1024.jpg\" class=\"attachment-large size-large wp-image-3022\" alt=\"\" srcset=\"https:\/\/www.vespa-garage-berlin.de\/wp-content\/uploads\/2021\/07\/IMG_3241-768x1024.jpg 768w, https:\/\/www.vespa-garage-berlin.de\/wp-content\/uploads\/2021\/07\/IMG_3241-225x300.jpg 225w, https:\/\/www.vespa-garage-berlin.de\/wp-content\/uploads\/2021\/07\/IMG_3241-1152x1536.jpg 1152w, https:\/\/www.vespa-garage-berlin.de\/wp-content\/uploads\/2021\/07\/IMG_3241-1536x2048.jpg 1536w, https:\/\/www.vespa-garage-berlin.de\/wp-content\/uploads\/2021\/07\/IMG_3241-scaled.jpg 1920w\" sizes=\"(max-width: 768px) 100vw, 768px\" \/>\t\t\t\t\t\t\t\t\t\t\t\t\t\t\t<\/div>\n\t\t\t\t<\/div>\n\t\t\t\t\t<\/div>\n\t\t<\/div>\n\t\t\t\t<div class=\"elementor-column elementor-col-50 elementor-top-column elementor-element elementor-element-bd1f9e3\" data-id=\"bd1f9e3\" data-element_type=\"column\">\n\t\t\t<div class=\"elementor-widget-wrap elementor-element-populated\">\n\t\t\t\t\t\t\t\t<div class=\"elementor-element elementor-element-9b2b7a7 elementor-widget elementor-widget-text-editor\" data-id=\"9b2b7a7\" data-element_type=\"widget\" data-widget_type=\"text-editor.default\">\n\t\t\t\t<div class=\"elementor-widget-container\">\n\t\t\t\t\t\t\t<p>Alberto Fioretti, ein 19j\u00e4hriger Vespisti, aus der N\u00e4he von Venedig, hatte kurzerhand beschlossen, den dreiw\u00f6chigen Rest der Schulferien f\u00fcr seine erste Solo-Vespa-Tour au\u00dferhalb von Italien zu nutzen&#8230;\u00a0<\/p>\t\t\t\t\t\t<\/div>\n\t\t\t\t<\/div>\n\t\t\t\t<div class=\"elementor-element elementor-element-f8a2430 elementor-widget elementor-widget-text-editor\" data-id=\"f8a2430\" data-element_type=\"widget\" data-widget_type=\"text-editor.default\">\n\t\t\t\t<div class=\"elementor-widget-container\">\n\t\t\t\t\t\t\t<p>Familie und Freunde erkl\u00e4rten Ihn einfach f\u00fcr Verr\u00fcckt! Selbst seine Mutter begriff erst, als er begann seine Sachen zu Packen, wie ernst er es meinte&#8230;<\/p><p>Ein paar weitere Bilder bei den <a href=\"https:\/\/www.vespa-garage-berlin.de\/?page_id=566\">Besuchern.<\/a><\/p>\t\t\t\t\t\t<\/div>\n\t\t\t\t<\/div>\n\t\t\t\t\t<\/div>\n\t\t<\/div>\n\t\t\t\t\t\t\t<\/div>\n\t\t<\/section>\n\t\t\t\t\t\t\t<\/div>\n\t\t","protected":false},"excerpt":{"rendered":"<p>Alberto Fioretti, ein 19j\u00e4hriger Vespisti, aus der N\u00e4he von Venedig, hatte kurzerhand beschlossen, den dreiw\u00f6chigen Rest der Schulferien f\u00fcr seine erste Solo-Vespa-Tour au\u00dferhalb von Italien zu nutzen&#8230;&nbsp; Familie und Freunde erkl\u00e4rten Ihn einfach f\u00fcr Verr\u00fcckt! Selbst seine Mutter begriff erst, als er begann seine Sachen zu Packen, wie ernst er es meinte&#8230; Ein paar weitere &hellip;<\/p>\n<p class=\"read-more\"> <a class=\"\" href=\"https:\/\/www.vespa-garage-berlin.de\/?p=3097\"> <span class=\"screen-reader-text\">Alberto auf dem Weg nach D\u00e4nemark&#8230;<\/span> Weiterlesen &raquo;<\/a><\/p>\n","protected":false},"author":1,"featured_media":0,"comment_status":"open","ping_status":"open","sticky":false,"template":"","format":"standard","meta":{"site-sidebar-layout":"default","site-content-layout":"default","ast-site-content-layout":"","site-content-style":"default","site-sidebar-style":"default","ast-global-header-display":"","ast-banner-title-visibility":"","ast-main-header-display":"","ast-hfb-above-header-display":"","ast-hfb-below-header-display":"","ast-hfb-mobile-header-display":"","site-post-title":"","ast-breadcrumbs-content":"","ast-featured-img":"","footer-sml-layout":"","theme-transparent-header-meta":"default","adv-header-id-meta":"","stick-header-meta":"","header-above-stick-meta":"","header-main-stick-meta":"","header-below-stick-meta":"","astra-migrate-meta-layouts":"","footnotes":""},"categories":[4],"tags":[],"_links":{"self":[{"href":"https:\/\/www.vespa-garage-berlin.de\/index.php?rest_route=\/wp\/v2\/posts\/3097"}],"collection":[{"href":"https:\/\/www.vespa-garage-berlin.de\/index.php?rest_route=\/wp\/v2\/posts"}],"about":[{"href":"https:\/\/www.vespa-garage-berlin.de\/index.php?rest_route=\/wp\/v2\/types\/post"}],"author":[{"embeddable":true,"href":"https:\/\/www.vespa-garage-berlin.de\/index.php?rest_route=\/wp\/v2\/users\/1"}],"replies":[{"embeddable":true,"href":"https:\/\/www.vespa-garage-berlin.de\/index.php?rest_route=%2Fwp%2Fv2%2Fcomments&post=3097"}],"version-history":[{"count":5,"href":"https:\/\/www.vespa-garage-berlin.de\/index.php?rest_route=\/wp\/v2\/posts\/3097\/revisions"}],"predecessor-version":[{"id":3102,"href":"https:\/\/www.vespa-garage-berlin.de\/index.php?rest_route=\/wp\/v2\/posts\/3097\/revisions\/3102"}],"wp:attachment":[{"href":"https:\/\/www.vespa-garage-berlin.de\/index.php?rest_route=%2Fwp%2Fv2%2Fmedia&parent=3097"}],"wp:term":[{"taxonomy":"category","embeddable":true,"href":"https:\/\/www.vespa-garage-berlin.de\/index.php?rest_route=%2Fwp%2Fv2%2Fcategories&post=3097"},{"taxonomy":"post_tag","embeddable":true,"href":"https:\/\/www.vespa-garage-berlin.de\/index.php?rest_route=%2Fwp%2Fv2%2Ftags&post=3097"}],"curies":[{"name":"wp","href":"https:\/\/api.w.org\/{rel}","templated":true}]}}